[{"@context":"https:\/\/schema.org\/","@type":"Article","@id":"https:\/\/www.agni.cz\/nas-krasny-dum\/#Article","mainEntityOfPage":"https:\/\/www.agni.cz\/nas-krasny-dum\/","headline":"N\u00e1\u0161 kr\u00e1sn\u00fd d\u016fm","name":"N\u00e1\u0161 kr\u00e1sn\u00fd d\u016fm","description":"A jak jste na tom s bydlen\u00edm pr\u00e1v\u011b Vy? M\u00e1te ji\u017e sv\u016fj vlastn\u00ed d\u016fm \u010di byt? Sna\u017e\u00edte se jej zvelebovat a zabydlovat, aby V\u00e1m v n\u011bm bylo jen kr\u00e1sn\u011b? Jist\u011b si d\u00e1v\u00e1te pr\u00e1ci s v\u00fdb\u011brem kuchy\u0148sk\u00e9 linky, s v\u00fdb\u011brem toho nejkr\u00e1sn\u011bj\u0161\u00edho j\u00eddeln\u00edho stolu. Ale co zvenku? Nen\u00ed fas\u00e1da a venkovn\u00ed \u010d\u00e1sti Va\u0161eho bydlen\u00ed trochu v [&hellip;]","datePublished":"2023-06-14","dateModified":"2024-06-17","author":{"@type":"Person","@id":"https:\/\/www.agni.cz\/author\/#Person","name":"","url":"https:\/\/www.agni.cz\/author\/","identifier":1,"image":{"@type":"ImageObject","@id":"https:\/\/secure.gravatar.com\/avatar\/9d25b0af9840660883a67790aa4f595ddc226aa4680c4cf7bc03a25c14fcef85?s=96&d=mm&r=g","url":"https:\/\/secure.gravatar.com\/avatar\/9d25b0af9840660883a67790aa4f595ddc226aa4680c4cf7bc03a25c14fcef85?s=96&d=mm&r=g","height":96,"width":96}},"publisher":{"@type":"Organization","name":"agni.cz","logo":{"@type":"ImageObject","@id":"\/logo.png","url":"\/logo.png","width":600,"height":60}},"url":"https:\/\/www.agni.cz\/nas-krasny-dum\/","wordCount":264,"articleBody":"A jak jste na tom s bydlen\u00edm pr\u00e1v\u011b Vy? M\u00e1te ji\u017e sv\u016fj vlastn\u00ed d\u016fm \u010di byt? Sna\u017e\u00edte se jej zvelebovat a zabydlovat, aby V\u00e1m v n\u011bm bylo jen kr\u00e1sn\u011b? Jist\u011b si d\u00e1v\u00e1te pr\u00e1ci s v\u00fdb\u011brem kuchy\u0148sk\u00e9 linky, s v\u00fdb\u011brem toho nejkr\u00e1sn\u011bj\u0161\u00edho j\u00eddeln\u00edho stolu. Ale co zvenku? Nen\u00ed fas\u00e1da a venkovn\u00ed \u010d\u00e1sti Va\u0161eho bydlen\u00ed trochu v pozad\u00ed? Nezapom\u00ednejte, \u017ee to je prvn\u00ed, co p\u0159\u00edchoz\u00ed z vn\u011bj\u0161ku vid\u00ed. U\u010din\u00edme, aby V\u00e1\u0161 d\u016fm byl kr\u00e1sn\u00fd ze v\u0161ech stran. I vn\u011bj\u0161\u00ed \u010d\u00e1st je ned\u00edlnou sou\u010d\u00e1st\u00ed Va\u0161\u00ed nemovitosti. A pokud jde o balkon, zde je pot\u0159eba rekonstrukce balkon\u016f obzvl\u00e1\u0161\u0165 nezbytn\u00e1. Jej\u00ed proveden\u00ed (\u010di neproveden\u00ed) m\u00e1 velk\u00fd vliv na na\u0161e bydlen\u00ed, m\u016f\u017eeme ovlivnit i \u00faniky tepla a t\u00edm sn\u00ed\u017eit finan\u010dn\u00ed v\u00fddaje.Modern\u011b a rychleVyberte si pro takovou nezbytnou obnovu n\u011bkterou z firem, kter\u00e9 se mohou pochlubit ji\u017e \u0159adou \u00fasp\u011b\u0161n\u011b realizovan\u00fdch projekt\u016f. Tak si m\u016f\u017eete b\u00fdt jisti, \u017ee i v\u00fdsledek, kter\u00fd odevzdaj\u00ed V\u00e1m, bude dle Va\u0161ich p\u0159edstav a bude spl\u0148ovat v\u0161echny po\u017eadavky na modern\u00ed bydlen\u00ed. Pokud se rozhodnete pr\u00e1v\u011b pro n\u00e1s, v\u011bzte, \u017ee nab\u00edz\u00edme zdarma \u00favodn\u00ed konzultaci s na\u0161\u00edm technikem, kdy proberete Va\u0161e p\u0159edstavy a z\u00e1m\u011bry v souvislosti s mo\u017enostmi Va\u0161\u00ed stavby. Vymysl\u00edme spole\u010dn\u011b to nejlep\u0161\u00ed mo\u017en\u00e9 \u0159e\u0161en\u00ed.                                                                                                                                                                                                                                                                                                                                                                                        3.7\/5 - (9 votes)        "},{"@context":"https:\/\/schema.org\/","@type":"BreadcrumbList","itemListElement":[{"@type":"ListItem","position":1,"name":"N\u00e1\u0161 kr\u00e1sn\u00fd d\u016fm","item":"https:\/\/www.agni.cz\/nas-krasny-dum\/#breadcrumbitem"}]}]