[{"@context":"https:\/\/schema.org\/","@type":"Article","@id":"https:\/\/www.agni.cz\/na-co-si-dat-pozor-pri-stehovani-do-zahranici\/#Article","mainEntityOfPage":"https:\/\/www.agni.cz\/na-co-si-dat-pozor-pri-stehovani-do-zahranici\/","headline":"Na co si d\u00e1t pozor p\u0159i st\u011bhov\u00e1n\u00ed do zahrani\u010d\u00ed","name":"Na co si d\u00e1t pozor p\u0159i st\u011bhov\u00e1n\u00ed do zahrani\u010d\u00ed","description":"Na z\u00e1kazy vjezdu \u2013 kulatou b\u00edlou zna\u010dku s \u010derven\u00fdm lemem \u201ez\u00e1kaz vjezdu v\u0161ech vozidel v obou sm\u011brech\u201c jist\u011b dob\u0159e zn\u00e1te. Ta sice neb\u00fdv\u00e1 um\u00edst\u011bna standardn\u011b na d\u00e1lnic\u00edch, ale p\u0159esto se v t\u011bchto m\u00edstech z\u00e1kaz vjezdu vztahuje na kamiony nad 3,5 tuny v ur\u010dit\u00e9m obdob\u00ed. Jestli\u017ee chcete prov\u00e9st zahrani\u010dn\u00ed st\u011bhov\u00e1n\u00ed po Evrop\u011b, tedy evropsk\u00fdch d\u00e1lnic\u00edch, m\u011bli [&hellip;]","datePublished":"2024-12-10","dateModified":"2024-12-10","author":{"@type":"Person","@id":"https:\/\/www.agni.cz\/author\/#Person","name":"","url":"https:\/\/www.agni.cz\/author\/","identifier":1,"image":{"@type":"ImageObject","@id":"https:\/\/secure.gravatar.com\/avatar\/9d25b0af9840660883a67790aa4f595ddc226aa4680c4cf7bc03a25c14fcef85?s=96&d=mm&r=g","url":"https:\/\/secure.gravatar.com\/avatar\/9d25b0af9840660883a67790aa4f595ddc226aa4680c4cf7bc03a25c14fcef85?s=96&d=mm&r=g","height":96,"width":96}},"publisher":{"@type":"Organization","name":"agni.cz","logo":{"@type":"ImageObject","@id":"\/logo.png","url":"\/logo.png","width":600,"height":60}},"image":{"@type":"ImageObject","@id":"https:\/\/www.agni.cz\/wp-content\/uploads\/delivery-5585969_640_10_10_10_8.jpg","url":"https:\/\/www.agni.cz\/wp-content\/uploads\/delivery-5585969_640_10_10_10_8.jpg","height":0,"width":0},"url":"https:\/\/www.agni.cz\/na-co-si-dat-pozor-pri-stehovani-do-zahranici\/","about":["Spole\u010dnosti"],"wordCount":438,"articleBody":"       Na z\u00e1kazy vjezdu \u2013 kulatou b\u00edlou zna\u010dku s \u010derven\u00fdm lemem \u201ez\u00e1kaz vjezdu v\u0161ech vozidel v obou sm\u011brech\u201c jist\u011b dob\u0159e zn\u00e1te. Ta sice neb\u00fdv\u00e1 um\u00edst\u011bna standardn\u011b na d\u00e1lnic\u00edch, ale p\u0159esto se v t\u011bchto m\u00edstech z\u00e1kaz vjezdu vztahuje na kamiony nad 3,5 tuny v ur\u010dit\u00e9m obdob\u00ed. Jestli\u017ee chcete prov\u00e9st zahrani\u010dn\u00ed st\u011bhov\u00e1n\u00ed po Evrop\u011b, tedy evropsk\u00fdch d\u00e1lnic\u00edch, m\u011bli byste v\u011bd\u011bt, \u017ee v n\u011bkter\u00e9 dny tato vozidla na d\u00e1lnice nesm\u00ed. T\u00fdk\u00e1 se to zpravidla ned\u011bl\u00ed a sv\u00e1tk\u016f a n\u011bkde a n\u011bkdy tak\u00e9 sobot a ur\u010dit\u00fdch hodin i v p\u00e1tek. Proto je vcelku rozumn\u00e9 st\u011bhov\u00e1n\u00ed prov\u00e9st ve v\u0161edn\u00ed dny, abyste m\u011bli jistotu.L\u00e9to versus zima \u2013 kdy\u017e se st\u011bhujete do Finska v zim\u011b, po\u010d\u00edtejte s mo\u017en\u00fdmi komplikacemi v doprav\u011b. Silnice mohou b\u00fdt zav\u00e1t\u00e9 sn\u011bhem, zledovat\u011bl\u00e9, mohou se tu tvo\u0159it kolony a cel\u00e9 st\u011bhov\u00e1n\u00ed se v\u00fdrazn\u011b zbrzd\u00ed. A naopak v l\u00e9t\u011b, pokud se st\u011bhujete do \u0160pan\u011blska, m\u016f\u017ee b\u00fdt pr\u016fjezd Franci\u00ed a \u0160pan\u011blskem nep\u0159\u00edjemn\u00fd, pokud odchytnete tropick\u00e1 vedra. Ta v\u00e1s mohou zastihnout ji\u017e v \u010cesk\u00e9 republice, tak\u017ee v\u00e1s budou prov\u00e1zet v N\u011bmecku i ve Francii, a st\u011bhov\u00e1n\u00ed v tropech rozhodn\u011b nen\u00ed nic p\u0159\u00edjemn\u00e9ho. Je tedy vcelku moudr\u00e9 p\u0159est\u011bhovat se do Finska t\u0159eba v \u010dervnu a do \u0160pan\u011blska a Portugalska v listopadu.Na t\u011b\u017ek\u00e1 b\u0159emena \u2013 kdo z v\u00e1s nen\u00ed p\u0159ipraven\u00fd p\u0159en\u00e1\u0161et t\u011b\u017ek\u00e1 b\u0159emena, m\u011bl by si to rad\u011bji rozmyslet a p\u0159enechat kompletn\u00ed st\u011bhov\u00e1n\u00ed profesion\u00e1l\u016fm. St\u011bhov\u00e1ci v\u00e1s mohou dokonce p\u0159est\u011bhovat na kl\u00ed\u010d a vy si pouze ohl\u00edd\u00e1te administrativn\u00ed z\u00e1le\u017eitosti. Administrativu za v\u00e1s st\u011bhov\u00e1ci nevy\u0159e\u0161\u00ed a mus\u00edte tomu v\u011bnovat maximum sv\u00e9ho \u010dasu, proto\u017ee vracet se kv\u016fli n\u011bjak\u00e9 chyb\u011b v dokladech, v n\u00e1jemn\u00ed smlouv\u011b, ve smlouv\u00e1ch o dod\u00e1vk\u00e1ch energi\u00ed a dal\u0161\u00edch v\u011bcech, by bylo zbyte\u010dn\u011b drah\u00e9 a \u010dasov\u011b n\u00e1ro\u010dn\u00e9. Va\u0161e st\u011bhov\u00e1n\u00ed zkr\u00e1tka mus\u00ed prob\u011bhnout \u201ena jednu dobrou\u201c a nen\u00ed to tot\u00e9\u017e, jako kdy\u017e se st\u011bhujete z Kladna do Prahy, kde se m\u016f\u017eete na p\u016fli cest\u011b oto\u010dit a vr\u00e1tit se zp\u011bt do vzd\u00e1lenosti patn\u00e1cti kilometr\u016f.                                                                                                                                                                                                                                                                                                                                                                                          5\/5 - (7 votes)        "},{"@context":"https:\/\/schema.org\/","@type":"BreadcrumbList","itemListElement":[{"@type":"ListItem","position":1,"name":"Na co si d\u00e1t pozor p\u0159i st\u011bhov\u00e1n\u00ed do zahrani\u010d\u00ed","item":"https:\/\/www.agni.cz\/na-co-si-dat-pozor-pri-stehovani-do-zahranici\/#breadcrumbitem"}]}]