[{"@context":"https:\/\/schema.org\/","@type":"Article","@id":"https:\/\/www.agni.cz\/maly-sklenicek\/#Article","mainEntityOfPage":"https:\/\/www.agni.cz\/maly-sklenicek\/","headline":"Mal\u00fd sklen\u00ed\u010dek","name":"Mal\u00fd sklen\u00ed\u010dek","description":"\u0158\u00edk\u00e1 se, \u017ee to, co je mal\u00e9, je z\u00e1rove\u0148 velmi roztomil\u00e9 a skute\u010dn\u011b nebudete daleko od pravdy, kdy\u017e se to bude t\u00fdkat i sklen\u00edku. Nejen, \u017ee bude p\u0159\u00edjemnou designovou dekorac\u00ed, ale z\u00e1rove\u0148 bude i moc \u0161ikovn\u00fd, proto\u017ee i zde se d\u00e1 vyp\u011bstovat kr\u00e1sn\u011b \u0161\u0165avnat\u00e1 a chutn\u00e1 zelenina. V dne\u0161n\u00ed dob\u011b nen\u00ed probl\u00e9m si vybrat i [&hellip;]","datePublished":"2023-10-17","dateModified":"2023-10-31","author":{"@type":"Person","@id":"https:\/\/www.agni.cz\/author\/#Person","name":"","url":"https:\/\/www.agni.cz\/author\/","identifier":1,"image":{"@type":"ImageObject","@id":"https:\/\/secure.gravatar.com\/avatar\/9d25b0af9840660883a67790aa4f595ddc226aa4680c4cf7bc03a25c14fcef85?s=96&d=mm&r=g","url":"https:\/\/secure.gravatar.com\/avatar\/9d25b0af9840660883a67790aa4f595ddc226aa4680c4cf7bc03a25c14fcef85?s=96&d=mm&r=g","height":96,"width":96}},"publisher":{"@type":"Organization","name":"agni.cz","logo":{"@type":"ImageObject","@id":"\/logo.png","url":"\/logo.png","width":600,"height":60}},"image":{"@type":"ImageObject","@id":"https:\/\/www.agni.cz\/wp-content\/uploads\/ekogarden_BmsMDi.jpg","url":"https:\/\/www.agni.cz\/wp-content\/uploads\/ekogarden_BmsMDi.jpg","height":0,"width":0},"url":"https:\/\/www.agni.cz\/maly-sklenicek\/","about":["Nakupov\u00e1n\u00ed"],"wordCount":405,"articleBody":"      \u0158\u00edk\u00e1 se, \u017ee to, co je mal\u00e9, je z\u00e1rove\u0148 velmi roztomil\u00e9 a skute\u010dn\u011b nebudete daleko od pravdy, kdy\u017e se to bude t\u00fdkat i sklen\u00edku. Nejen, \u017ee bude p\u0159\u00edjemnou designovou dekorac\u00ed, ale z\u00e1rove\u0148 bude i moc \u0161ikovn\u00fd, proto\u017ee i zde se d\u00e1 vyp\u011bstovat kr\u00e1sn\u011b \u0161\u0165avnat\u00e1 a chutn\u00e1 zelenina. V dne\u0161n\u00ed dob\u011b nen\u00ed probl\u00e9m si vybrat i odpov\u00eddaj\u00edc\u00ed v\u00fdpln\u011b. M\u016f\u017eete si po\u0159\u00eddit polykarbon\u00e1tov\u00fd sklen\u00edk nebo sklen\u00edk se sklen\u011bnou v\u00fdpln\u00ed.  Pokud hled\u00e1te kvalitu, co\u017e je takov\u00e1 z\u00e1ruka na del\u0161\u00ed trvanlivost materi\u00e1lu, tak by v\u00e1s mohl zaj\u00edmat mal\u00fd sklen\u00edk Ekogarden. Jeho velikost je v z\u00e1kladu 2,5 metru na 2,5 metru. P\u0159irozen\u011b v nab\u00eddce naleznete i dal\u0161\u00ed rozm\u011bry a podle toho, kolik m\u00e1te k dispozici voln\u00e9ho m\u00edsta, tak m\u016f\u017eete ud\u011blat snadno objedn\u00e1vku.  Velikost nerozhoduje o kvalit\u011b Tento nejmen\u0161\u00ed sklen\u00edk je z pozinkovan\u00e9ho plechu tlou\u0161\u0165ky nosn\u00fdch \u010d\u00e1st\u00ed 1,5 mm \u2013 3 mm z\u00e1le\u017e\u00ed na zat\u00ed\u017een\u00ed jednotliv\u00fdch \u010d\u00e1st\u00ed. Polykarbon\u00e1tu se rovn\u011b\u017e nelekejte, jeliko\u017e m\u00e1 bo\u010dn\u00ed v\u00fdztuhy a je dostate\u010dn\u011b siln\u00fd, aby va\u0161i \u00farodu ochr\u00e1nil p\u0159ed nep\u0159\u00edzniv\u00fdmi pov\u011btrnostn\u00edmi vlivy. Nav\u00edc je v\u00fdpl\u0148 opat\u0159ena UV filtrem, co\u017e m\u00e1 dal\u0161\u00ed v\u00fdhodu, \u017ee nen\u00ed t\u0159eba nic d\u00e1le st\u00ednit. \u0160ikm\u00e9 bo\u010dn\u00ed st\u011bny jsou rovn\u011b\u017e ide\u00e1ln\u00ed mo\u017enost\u00ed, proto\u017ee slune\u010dn\u00ed paprsky tak l\u00e9pe, a hlavn\u011b efektivn\u011b pronikaj\u00ed dovnit\u0159. U sklen\u00edku se sklem v\u00e1m skla Helios \u0161kodliv\u00e9 UV paprsky neproniknou do sklen\u00edku, ale odraz\u00ed se zalomen\u00edm paprsku ven ze sklen\u00edku. Pln\u00ed tedy podobnou funkci jako UV filtr u polykarbon\u00e1tu.  \u010cesk\u00fd v\u00fdrobce m\u00e1 v\u0161e promy\u0161leno do detailu, aby v\u00e1m tento sklen\u00edk velmi dob\u0159e slou\u017eil, proto je vybaven\u00fd posuvn\u00fdmi dve\u0159mi, kter\u00e9 se kr\u00e1sn\u011b ovl\u00e1daj\u00ed, z\u00edsk\u00e1te kotv\u00edc\u00ed materi\u00e1l, t\u011bsn\u00edc\u00ed gumu v dostate\u010dn\u00e9 m\u00ed\u0159e na dve\u0159e i okna. Ne\u017e v\u00e1m sklen\u00ed\u010dek doraz\u00ed dom\u016f, tak ur\u010dit\u011b nezapome\u0148te p\u0159ipravit z\u00e1klady, kter\u00e9 mohou b\u00fdt ze ztracen\u00e9ho bedn\u011bn\u00ed, lit\u00e9ho betonu, p\u0159\u00edpadn\u011b m\u016f\u017eete i r\u00e1m vypodlo\u017eit betonov\u00fdmi prefabrik\u00e1ty, cihlovou podezd\u00edvkou, d\u0159ev\u011bn\u00fdmi tr\u00e1my nebo ocelov\u00fdmi jekly.                                                                                                                                                                                                                                                                                                                                                                                          4.7\/5 - (6 votes)        "},{"@context":"https:\/\/schema.org\/","@type":"BreadcrumbList","itemListElement":[{"@type":"ListItem","position":1,"name":"Mal\u00fd sklen\u00ed\u010dek","item":"https:\/\/www.agni.cz\/maly-sklenicek\/#breadcrumbitem"}]}]