[{"@context":"https:\/\/schema.org\/","@type":"Article","@id":"https:\/\/www.agni.cz\/libi-se-vam-sklenene-zabradli\/#Article","mainEntityOfPage":"https:\/\/www.agni.cz\/libi-se-vam-sklenene-zabradli\/","headline":"L\u00edb\u00ed se v\u00e1m sklen\u011bn\u00e9 z\u00e1bradl\u00ed?","name":"L\u00edb\u00ed se v\u00e1m sklen\u011bn\u00e9 z\u00e1bradl\u00ed?","description":"Opatrnosti nen\u00ed nikdy nazbyt. To se v\u0161eobecn\u011b v\u00ed. A kdy\u017e si tuto chceme zajistit, hod\u00ed se n\u00e1m za ur\u010dit\u00fdch podm\u00ednek a na ur\u010dit\u00fdch m\u00edstech i z\u00e1bradl\u00ed. I to n\u00e1m m\u016f\u017ee prok\u00e1zat skv\u011blou slu\u017ebu, co se bezpe\u010dnosti t\u00fdk\u00e1, proto\u017ee d\u00edky n\u011bmu je nepravd\u011bpodobn\u00e9 a\u017e zcela vylou\u010den\u00e9, \u017ee bychom t\u0159eba n\u011bkdy n\u011bkam spadli. Ov\u0161em z\u00e1bradl\u00ed n\u00e1m neslou\u017e\u00ed [&hellip;]","datePublished":"2024-10-21","dateModified":"2024-10-21","author":{"@type":"Person","@id":"https:\/\/www.agni.cz\/author\/#Person","name":"","url":"https:\/\/www.agni.cz\/author\/","identifier":1,"image":{"@type":"ImageObject","@id":"https:\/\/secure.gravatar.com\/avatar\/9d25b0af9840660883a67790aa4f595ddc226aa4680c4cf7bc03a25c14fcef85?s=96&d=mm&r=g","url":"https:\/\/secure.gravatar.com\/avatar\/9d25b0af9840660883a67790aa4f595ddc226aa4680c4cf7bc03a25c14fcef85?s=96&d=mm&r=g","height":96,"width":96}},"publisher":{"@type":"Organization","name":"agni.cz","logo":{"@type":"ImageObject","@id":"\/logo.png","url":"\/logo.png","width":600,"height":60}},"image":{"@type":"ImageObject","@id":"https:\/\/www.agni.cz\/wp-content\/uploads\/zzz_9.jpg","url":"https:\/\/www.agni.cz\/wp-content\/uploads\/zzz_9.jpg","height":0,"width":0},"url":"https:\/\/www.agni.cz\/libi-se-vam-sklenene-zabradli\/","about":["Nakupov\u00e1n\u00ed"],"wordCount":445,"articleBody":"       Opatrnosti nen\u00ed nikdy nazbyt. To se v\u0161eobecn\u011b v\u00ed. A kdy\u017e si tuto chceme zajistit, hod\u00ed se n\u00e1m za ur\u010dit\u00fdch podm\u00ednek a na ur\u010dit\u00fdch m\u00edstech i z\u00e1bradl\u00ed. I to n\u00e1m m\u016f\u017ee prok\u00e1zat skv\u011blou slu\u017ebu, co se bezpe\u010dnosti t\u00fdk\u00e1, proto\u017ee d\u00edky n\u011bmu je nepravd\u011bpodobn\u00e9 a\u017e zcela vylou\u010den\u00e9, \u017ee bychom t\u0159eba n\u011bkdy n\u011bkam spadli. Ov\u0161em z\u00e1bradl\u00ed n\u00e1m neslou\u017e\u00ed jenom k tomuto \u00fa\u010delu. M\u016f\u017eeme se o n\u011bj tak\u00e9 op\u00edrat, co\u017e p\u0159ich\u00e1z\u00ed zejm\u00e9na v p\u0159\u00edpad\u011b ch\u016fze do schod\u016f vhod, a m\u016f\u017ee m\u00edt rovn\u011b\u017e sv\u016fj v\u00fdznam, co se estetiky t\u00fdk\u00e1. Prost\u011b se z\u00e1bradl\u00ed v mnoha p\u0159\u00edpadech hod\u00ed. A kdy\u017e ho n\u011bkde chceme nebo dokonce pot\u0159ebujeme m\u00edt, nen\u00ed d\u016fvod, pro\u010d si ho nepo\u0159\u00eddit. A je tak\u00e9 nep\u0159edstaviteln\u00e9, \u017ee bychom snad v dne\u0161n\u00ed dob\u011b n\u011bjak\u00e9 nesehnali. Dokonce si m\u016f\u017eeme mezi hodn\u011b rozmanit\u00fdmi z\u00e1bradl\u00edmi i vyb\u00edrat. A co si pak vyb\u00edr\u00e1me? \u010casto u\u017e ne n\u011bjakou ban\u00e1ln\u00ed trubkovou variantu, ale sp\u00ed\u0161 n\u011bco, co dok\u00e1\u017ee zaujmout. Do pln\u00ed sv\u016fj \u00fa\u010del a navrch i skv\u011ble vypad\u00e1. A t\u00edm m\u016f\u017ee n\u011bkdy b\u00fdt sklen\u011bn\u00e9 z\u00e1bradl\u00ed. \u017de si nedok\u00e1\u017eete p\u0159edstavit, \u017ee byste si po\u0159\u00eddili z\u00e1bradl\u00ed ze skla, proto\u017ee v\u00e1m tento materi\u00e1l p\u0159ipad\u00e1 p\u0159\u00edli\u0161 k\u0159ehk\u00fd na to, aby plnil posl\u00e1n\u00ed, je\u017e maj\u00ed z\u00e1bradl\u00ed plnit? Pak asi nev\u00edte, co takov\u00e1 sklen\u011bn\u00e1 z\u00e1bradl\u00ed obn\u00e1\u0161ej\u00ed. To nen\u00ed \u017e\u00e1dn\u00e1 k\u0159ehk\u00e1 v\u011bc, kter\u00e1 by se rozbila raz dva. To je skute\u010dn\u011b funk\u010dn\u00ed v\u00fdrobek, kter\u00fd se nav\u00edc nab\u00edz\u00ed ve v\u00edce r\u016fzn\u00fdch proveden\u00edch. M\u016f\u017ee j\u00edt o variantu celosklen\u011bnou nebo kombinovanou s jin\u00fdm materi\u00e1lem, m\u016f\u017ee j\u00edt i o samonosn\u00e9 z\u00e1bradl\u00ed, i o z\u00e1bradl\u00ed vetknut\u00e9 do podlahy, se spodn\u00edm nebo s ter\u010dov\u00fdm uchycen\u00edm, sev\u0159en\u00edm mezi dva plechy nebo uchycen\u00edm do podesty a v p\u0159\u00edpad\u011b kombinovan\u00e9 varianty i o spojen\u00ed skla s ocel\u00ed nebo d\u0159evem. A tak se znal\u00ed lid\u00e9 nediv\u00ed, kdy\u017e naraz\u00ed n\u011bkde na z\u00e1bradl\u00ed z \u010dir\u00e9ho, ml\u00e9\u010dn\u00e9ho, kou\u0159ov\u00e9ho nebo barevn\u00e9ho kalen\u00e9ho skla s potiskem. Prost\u011b se d\u00e1 sklo vyu\u017e\u00edt i k v\u00fdrob\u011b z\u00e1bradl\u00ed, a to r\u016fzn\u00fdmi zp\u016fsoby. A kdo takov\u00e9 z\u00e1bradl\u00ed m\u00e1, nem\u016f\u017ee si st\u011b\u017eovat.                                                                                                                                                                                                                                                                                                                                                                                          3.4\/5 - (8 votes)        "},{"@context":"https:\/\/schema.org\/","@type":"BreadcrumbList","itemListElement":[{"@type":"ListItem","position":1,"name":"L\u00edb\u00ed se v\u00e1m sklen\u011bn\u00e9 z\u00e1bradl\u00ed?","item":"https:\/\/www.agni.cz\/libi-se-vam-sklenene-zabradli\/#breadcrumbitem"}]}]