[{"@context":"https:\/\/schema.org\/","@type":"Article","@id":"https:\/\/www.agni.cz\/koralky-ze-skla\/#Article","mainEntityOfPage":"https:\/\/www.agni.cz\/koralky-ze-skla\/","headline":"Kor\u00e1lky ze skla","name":"Kor\u00e1lky ze skla","description":"L\u00edb\u00ed se V\u00e1m ve\u0161ker\u00e9 \u0161perky a bi\u017euterie, ve kter\u00e9 n\u011bjak figuruj\u00ed sklen\u011bn\u00e9 kor\u00e1lky? Cht\u011bli byste n\u011bjak\u00e9 takov\u00e9 \u0161perky m\u00edt, ale p\u0159ijdou V\u00e1m mo\u017en\u00e1 i zbyte\u010dn\u011b drah\u00e9? Pokud je to tak a cht\u011bli byste si zkusit nap\u0159\u00edklad n\u011bjak\u00e9 n\u00e1u\u0161nice \u010di n\u00e1hrdeln\u00edk vyrobit, m\u016f\u017eeme V\u00e1m nab\u00eddnout z na\u0161eho \u0161irok\u00e9ho sortimentu k v\u00fdb\u011bru pr\u00e1v\u011b sklen\u011bn\u00e9 kor\u00e1lky, ze kter\u00fdch [&hellip;]","datePublished":"2024-04-06","dateModified":"2024-04-06","author":{"@type":"Person","@id":"https:\/\/www.agni.cz\/author\/#Person","name":"","url":"https:\/\/www.agni.cz\/author\/","identifier":1,"image":{"@type":"ImageObject","@id":"https:\/\/secure.gravatar.com\/avatar\/9d25b0af9840660883a67790aa4f595ddc226aa4680c4cf7bc03a25c14fcef85?s=96&d=mm&r=g","url":"https:\/\/secure.gravatar.com\/avatar\/9d25b0af9840660883a67790aa4f595ddc226aa4680c4cf7bc03a25c14fcef85?s=96&d=mm&r=g","height":96,"width":96}},"publisher":{"@type":"Organization","name":"agni.cz","logo":{"@type":"ImageObject","@id":"\/logo.png","url":"\/logo.png","width":600,"height":60}},"url":"https:\/\/www.agni.cz\/koralky-ze-skla\/","wordCount":263,"articleBody":"L\u00edb\u00ed se V\u00e1m ve\u0161ker\u00e9 \u0161perky a bi\u017euterie, ve kter\u00e9 n\u011bjak figuruj\u00ed sklen\u011bn\u00e9 kor\u00e1lky? Cht\u011bli byste n\u011bjak\u00e9 takov\u00e9 \u0161perky m\u00edt, ale p\u0159ijdou V\u00e1m mo\u017en\u00e1 i zbyte\u010dn\u011b drah\u00e9? Pokud je to tak a cht\u011bli byste si zkusit nap\u0159\u00edklad n\u011bjak\u00e9 n\u00e1u\u0161nice \u010di n\u00e1hrdeln\u00edk vyrobit, m\u016f\u017eeme V\u00e1m nab\u00eddnout z na\u0161eho \u0161irok\u00e9ho sortimentu k v\u00fdb\u011bru pr\u00e1v\u011b sklen\u011bn\u00e9 kor\u00e1lky, ze kter\u00fdch si sv\u016fj vysn\u011bn\u00fd \u0161perk vyrob\u00edte snadno sami. Nev\u00e1hejte, proto\u017ee takov\u00e9 kor\u00e1lky nemus\u00ed b\u00fdt nutn\u011b jen pro V\u00e1s. Mohou se toti\u017e st\u00e1t i velice zaj\u00edmav\u00fdm a origin\u00e1ln\u00edm d\u00e1rkem, kter\u00fd skute\u010dn\u011b p\u0159ekvap\u00ed. Zkuste to s n\u00e1mi, prohl\u00e9dn\u011bte si n\u00e1\u0161 katalog a rozhodn\u011b nebudete litovat. Jsme tu pro V\u00e1s!Pro Va\u0161i ozdobuOzdobte se t\u00edm nejlep\u0161\u00edm, nejzaj\u00edmav\u011bj\u0161\u00edm a origin\u00e1ln\u00edm, n\u011b\u010d\u00edm, jako jsou sklen\u011bn\u00e9 kor\u00e1lky. Nab\u00edz\u00edme V\u00e1m opravdu mnoho druh\u016f a p\u0159edev\u0161\u00edm \u0161irokou paletu barev, ze kter\u00e9 si m\u016f\u017eete vybrat. Ov\u0161em na\u0161e kor\u00e1lky nejsou jen o barv\u00e1ch, n\u00fdbr\u017e i o motivech. M\u016f\u017eete si vybrat n\u011bjak\u00e9 hezk\u00e9 kyti\u010dky, kosti\u010dky, te\u010dky, ale i mnohem slo\u017eit\u011bj\u0161\u00ed motivy. To v\u0161e bude z\u00e1le\u017eet jen a jen na V\u00e1s, prohl\u00e9dn\u011bte si je a neopome\u0148te ani l\u00e1kavou cenu!                                                                                                                                                                                                                                                                                                                                                                                        3.9\/5 - (7 votes)        "},{"@context":"https:\/\/schema.org\/","@type":"BreadcrumbList","itemListElement":[{"@type":"ListItem","position":1,"name":"Kor\u00e1lky ze skla","item":"https:\/\/www.agni.cz\/koralky-ze-skla\/#breadcrumbitem"}]}]