[{"@context":"https:\/\/schema.org\/","@type":"Article","@id":"https:\/\/www.agni.cz\/jeseniky-se-na-vas-tesi\/#Article","mainEntityOfPage":"https:\/\/www.agni.cz\/jeseniky-se-na-vas-tesi\/","headline":"Jesen\u00edky se na v\u00e1s t\u011b\u0161\u00ed","name":"Jesen\u00edky se na v\u00e1s t\u011b\u0161\u00ed","description":"V\u00edtejte v Jesen\u00edk\u00e1ch, v hor\u00e1ch s kouzelnou p\u0159\u00edrodou a nezapomenuteln\u00fdmi v\u00fdhledy do okol\u00ed. Sv\u00e9 hosty uv\u00edt\u00e1me v na\u0161em sport hotelu Kurzovn\u00ed. \u010cekaj\u00ed v\u00e1s proch\u00e1zky po okol\u00ed nebo t\u00fary po okoln\u00edch kopc\u00edch. Z jejich vrchol\u016f budete m\u00edt v\u00fdhled do \u0161irok\u00e9ho okol\u00ed. Budete uchv\u00e1ceni zdej\u0161\u00ed b\u00e1je\u010dnou p\u0159\u00edrodou. Ubytov\u00e1n\u00ed Prad\u011bd v\u00e1m pom\u016f\u017ee na\u010derpat novou energii do dal\u0161\u00edch dn\u016f. [&hellip;]","datePublished":"2025-04-28","dateModified":"2025-04-28","author":{"@type":"Person","@id":"https:\/\/www.agni.cz\/author\/#Person","name":"","url":"https:\/\/www.agni.cz\/author\/","identifier":1,"image":{"@type":"ImageObject","@id":"https:\/\/secure.gravatar.com\/avatar\/9d25b0af9840660883a67790aa4f595ddc226aa4680c4cf7bc03a25c14fcef85?s=96&d=mm&r=g","url":"https:\/\/secure.gravatar.com\/avatar\/9d25b0af9840660883a67790aa4f595ddc226aa4680c4cf7bc03a25c14fcef85?s=96&d=mm&r=g","height":96,"width":96}},"publisher":{"@type":"Organization","name":"agni.cz","logo":{"@type":"ImageObject","@id":"\/logo.png","url":"\/logo.png","width":600,"height":60}},"url":"https:\/\/www.agni.cz\/jeseniky-se-na-vas-tesi\/","wordCount":203,"articleBody":"V\u00edtejte v Jesen\u00edk\u00e1ch, v hor\u00e1ch s kouzelnou p\u0159\u00edrodou a nezapomenuteln\u00fdmi v\u00fdhledy do okol\u00ed. Sv\u00e9 hosty uv\u00edt\u00e1me v na\u0161em sport hotelu Kurzovn\u00ed. \u010cekaj\u00ed v\u00e1s proch\u00e1zky po okol\u00ed nebo t\u00fary po okoln\u00edch kopc\u00edch. Z jejich vrchol\u016f budete m\u00edt v\u00fdhled do \u0161irok\u00e9ho okol\u00ed. Budete uchv\u00e1ceni zdej\u0161\u00ed b\u00e1je\u010dnou p\u0159\u00edrodou. Ubytov\u00e1n\u00ed Prad\u011bd v\u00e1m pom\u016f\u017ee na\u010derpat novou energii do dal\u0161\u00edch dn\u016f. Nem\u016f\u017eete sehnat za\u0159\u00edzen\u00ed, kde by byli ochotni um\u00edstit va\u0161i \u0161kolu v p\u0159\u00edrod\u011b? Tak nev\u00e1hejte a kontaktujte n\u00e1s. Budeme poct\u011bni va\u0161\u00edm z\u00e1jmem a r\u00e1di v\u00e1m umo\u017en\u00edme \u0161kolu v p\u0159\u00edrod\u011b u n\u00e1s zorganizovat. Mysl\u00edme si, \u017ee d\u011bti dostanou u n\u00e1s jen to nejlep\u0161\u00ed. Budou na \u010dist\u00e9m vzduchu, v okol\u00ed je mo\u017eno pro n\u011b p\u0159ipravit \u0159adu v\u00fdlet\u016f. Ubytov\u00e1n\u00ed Prad\u011bd- ide\u00e1ln\u00ed pro \u0161kolu v p\u0159\u00edrod\u011b. \u0160koly v p\u0159\u00edrod\u011b Sport hotel Kurzovn\u00ed se velmi dob\u0159e hod\u00ed nap\u0159\u00edklad i pro r\u016fzn\u00e9 \u0161koly v p\u0159\u00edrod\u011b. Ubytov\u00e1n\u00ed Prad\u011bd se u\u017e na v\u00e1s t\u011b\u0161\u00ed.                                                                                                                                                                                                                                                                                                                                                                                                "},{"@context":"https:\/\/schema.org\/","@type":"BreadcrumbList","itemListElement":[{"@type":"ListItem","position":1,"name":"Jesen\u00edky se na v\u00e1s t\u011b\u0161\u00ed","item":"https:\/\/www.agni.cz\/jeseniky-se-na-vas-tesi\/#breadcrumbitem"}]}]