[{"@context":"https:\/\/schema.org\/","@type":"Article","@id":"https:\/\/www.agni.cz\/co-je-s-nami-spatne\/#Article","mainEntityOfPage":"https:\/\/www.agni.cz\/co-je-s-nami-spatne\/","headline":"Co je s n\u00e1mi \u0161patn\u011b?","name":"Co je s n\u00e1mi \u0161patn\u011b?","description":"D\u0159\u00edv tr\u00e1va rozhodn\u011b nebyla zelen\u011bj\u0161\u00ed, ale je\u0161t\u011b p\u00e1r let zp\u011bt si pamatuju na to, \u017ee lidi se k sob\u011b takhle hnusn\u011b nechovali. T\u011b\u017eko \u0159\u00edct co za t\u00edmto trendem stoj\u00ed, ov\u0161em ob\u00e1v\u00e1m se, \u017ee cesta zp\u011bt je nemo\u017en\u00e1. Lid\u00e9 se k sob\u011b chovaj\u00ed velice \u0161patn\u011b. Nejen \u017ee si nedok\u00e1\u017eou v klidu promluvit kdy\u017e je n\u011bjak\u00fd probl\u00e9m, [&hellip;]","datePublished":"2023-02-10","dateModified":"2023-05-18","author":{"@type":"Person","@id":"https:\/\/www.agni.cz\/author\/#Person","name":"","url":"https:\/\/www.agni.cz\/author\/","identifier":1,"image":{"@type":"ImageObject","@id":"https:\/\/secure.gravatar.com\/avatar\/9d25b0af9840660883a67790aa4f595ddc226aa4680c4cf7bc03a25c14fcef85?s=96&d=mm&r=g","url":"https:\/\/secure.gravatar.com\/avatar\/9d25b0af9840660883a67790aa4f595ddc226aa4680c4cf7bc03a25c14fcef85?s=96&d=mm&r=g","height":96,"width":96}},"publisher":{"@type":"Organization","name":"agni.cz","logo":{"@type":"ImageObject","@id":"\/logo.png","url":"\/logo.png","width":600,"height":60}},"image":{"@type":"ImageObject","@id":"https:\/\/www.agni.cz\/wp-content\/uploads\/gossip-532012_640_4.jpg","url":"https:\/\/www.agni.cz\/wp-content\/uploads\/gossip-532012_640_4.jpg","height":0,"width":0},"url":"https:\/\/www.agni.cz\/co-je-s-nami-spatne\/","about":["Spole\u010dnost"],"wordCount":429,"articleBody":"D\u0159\u00edv tr\u00e1va rozhodn\u011b nebyla zelen\u011bj\u0161\u00ed, ale je\u0161t\u011b p\u00e1r let zp\u011bt si pamatuju na to, \u017ee lidi se k sob\u011b takhle hnusn\u011b nechovali. T\u011b\u017eko \u0159\u00edct co za t\u00edmto trendem stoj\u00ed, ov\u0161em ob\u00e1v\u00e1m se, \u017ee cesta zp\u011bt je nemo\u017en\u00e1. Lid\u00e9 se k sob\u011b chovaj\u00ed velice \u0161patn\u011b. Nejen \u017ee si nedok\u00e1\u017eou v klidu promluvit kdy\u017e je n\u011bjak\u00fd probl\u00e9m, ale jsou schopni se pomlouvat a ni\u010dit si majetky jen proto, \u017ee t\u0159eba omylem nacouvali sousedovi do auta a jen chce opr\u00e1vn\u011bn\u011b uhradit \u0161kodu.\u017diju na vesnici cel\u00fd sv\u016fj \u017eivot, a na\u0161e rodina zde \u017eije n\u011bkolik generac\u00ed. Spolu se starousedl\u00edky jsme se shodli, \u017ee pozorujeme trend, kdy se na vesnici st\u011bhuj\u00ed lid\u00e9 z m\u011bsta aby m\u011bli klid, ale \u017ee ho seberou ostatn\u00edm, to je v po\u0159\u00e1dku. No\u010dn\u00ed oslavy kter\u00e9 zahrnuj\u00ed nejen n\u00e1vykov\u00e9 l\u00e1tky ale i velice hlasitou hudbu, kterou nezti\u0161\u00ed ani po 22. hodin\u011b ani na \u017e\u00e1dost soused\u016f, kte\u0159\u00ed by se t\u0159eba cht\u011bli vyspat do pr\u00e1ce. St\u00ed\u017enosti na to, \u017ee jim na stromy l\u00e9t\u00e1 hmyz, v potoce kv\u00e1kaj\u00ed \u017e\u00e1by a dokonce \u017ee kokrhaj\u00ed kohouti. To v\u0161echno jsem z jejich strany u\u017e za\u017eila.Zvl\u00e1\u0161\u0165 pr\u00e1v\u011b na vesnic\u00edch sta\u010d\u00ed abyste n\u011bkomu nepadli do oka t\u0159eba proto, \u017ee jste si dovolili uk\u00e1zat na to, \u017ee sv\u00e1d\u00ed vodu ze st\u0159echy n va\u0161i gar\u00e1\u017e a ta za\u010d\u00edn\u00e1 plesniv\u011bt. M\u00edsto omluvy a n\u00e1pravy v\u00e1s nejsp\u00ed\u0161 \u010dekaj\u00ed jen ur\u00e1\u017eky a pomluvy. Takov\u00e9 jedn\u00e1n\u00ed m\u011b nep\u0159est\u00e1v\u00e1 fascinovat. Nev\u00edm jestli je to m\u011bstskou n\u00e1turou, proto\u017ee i ve m\u011bst\u011b zn\u00e1 spoustu slu\u0161n\u00fdch lid\u00ed, a naopak na vesnici zn\u00e1m spoustu lid\u00ed, kte\u0159\u00ed by si zaslou\u017eili pobyt v n\u00e1pravn\u00e9m za\u0159\u00edzen\u00ed. Nedok\u00e1\u017eu si p\u0159edstavit \u017ee se lidi za\u010dnou m\u011bnit k lep\u0161\u00edmu a budou se ke sv\u00e9mu okol\u00ed chovat slu\u0161n\u011b. Je takov\u00e9 chov\u00e1n\u00ed u\u017e normou a zvykli jsme si na n\u011bj? N\u011bkdo by mo\u017en\u00e1 \u0159ekl \u017ee m\u00e1m za\u010d\u00edt u sebe, jen\u017ee j\u00e1 se ke v\u0161em chov\u00e1m slu\u0161n\u011b, proto\u017ee mi to p\u0159ijde norm\u00e1ln\u00ed. Je smutn\u00e9 kolika lidem p\u0159ijde b\u011b\u017en\u00e9 chov\u00e1n\u00ed popsan\u00e9 v\u00fd\u0161e nebo je\u0161t\u011b hor\u0161\u00ed. Ke zm\u011bn\u011b nedojde bez snahy n\u00e1s v\u0161ech, ale zna\u010dn\u00ed \u010d\u00e1sti lid\u00ed to tak asi vyhovuje.                                                                                                                                                                                                                                                                                                                                                                                        4.3\/5 - (11 votes)        "},{"@context":"https:\/\/schema.org\/","@type":"BreadcrumbList","itemListElement":[{"@type":"ListItem","position":1,"name":"Co je s n\u00e1mi \u0161patn\u011b?","item":"https:\/\/www.agni.cz\/co-je-s-nami-spatne\/#breadcrumbitem"}]}]